{"id":158,"date":"2014-07-16T16:00:27","date_gmt":"2014-07-16T16:00:27","guid":{"rendered":"http:\/\/web.ifac.edu.br\/cvtagroecologia\/?p=158"},"modified":"2014-07-16T16:00:27","modified_gmt":"2014-07-16T16:00:27","slug":"atividade-de-campo-encerra-modulo-i-do-curso-tecnicas-agroecologica-para-o-tropico-umido","status":"publish","type":"post","link":"https:\/\/web.ifac.edu.br\/cvtagroecologia\/atividade-de-campo-encerra-modulo-i-do-curso-tecnicas-agroecologica-para-o-tropico-umido\/","title":{"rendered":"Atividade de campo encerra M\u00f3dulo I do curso T\u00e9cnicas Agroecol\u00f3gicas para o Tr\u00f3pico \u00damido"},"content":{"rendered":"<figure id=\"attachment_159\" aria-describedby=\"caption-attachment-159\" style=\"width: 600px\" class=\"wp-caption alignnone\"><a href=\"http:\/\/web.ifac.edu.br\/cvtagroecologia\/wp-content\/uploads\/sites\/40\/2014\/07\/M\u00f3dulo-1-CVT.jpg\"><img fetchpriority=\"high\" decoding=\"async\" class=\"wp-image-159 size-full\" src=\"http:\/\/web.ifac.edu.br\/cvtagroecologia\/wp-content\/uploads\/sites\/40\/2014\/07\/M\u00f3dulo-1-CVT.jpg\" alt=\"M\u00f3dulo 1 CVT\" width=\"600\" height=\"363\" \/><\/a><figcaption id=\"caption-attachment-159\" class=\"wp-caption-text\">Prof\u00aa Williane Martins com alunos participantes do Curso FIC<\/figcaption><\/figure>\n<p style=\"text-align: justify\">O M\u00f3dulo I de \u201cPr\u00e1ticas Agroecol\u00f3gicas em Olericultura\u201d do curso de \u201cT\u00e9cnicas Agroecol\u00f3gicas para o Tr\u00f3pico \u00damido\u201d foi conclu\u00eddo nesta semana, com encerramento de atividades a campo. O curso \u00e9 ofertado pelo Centro Vocacional Tecnol\u00f3gico de Refer\u00eancia em Agroecologia e Produ\u00e7\u00e3o de Org\u00e2nicos \u2013 CVT Acre, sendo coordenado pelo Instituto Federal Acre &#8211; IFAC.<\/p>\n<p style=\"text-align: justify\"><a href=\"http:\/\/web.ifac.edu.br\/cvtagroecologia\/wp-content\/uploads\/sites\/40\/2014\/07\/M\u00f3dulo-1-CVTum.jpg\"><img decoding=\"async\" class=\"alignleft wp-image-161 size-full\" src=\"http:\/\/web.ifac.edu.br\/cvtagroecologia\/wp-content\/uploads\/sites\/40\/2014\/07\/M\u00f3dulo-1-CVTum.jpg\" alt=\"M\u00f3dulo 1 CVTum\" width=\"200\" height=\"263\" \/><\/a>O m\u00f3dulo teve dura\u00e7\u00e3o de quinze dias com carga hor\u00e1ria de 40 horas, onde foram abordados temas relacionados \u00e0 olericultura org\u00e2nica e sustent\u00e1vel. O m\u00f3dulo foi ministrado pela professora especialista em cultivo de hortali\u00e7as Profa. MSc Williane Martins. Segundo a professora, os alunos ficaram satisfeitos e entusiasmados com as t\u00e9cnicas que aprenderam durante o curso, principalmente pela facilidade de aplica\u00e7\u00e3o e baixo custo.<\/p>\n<p style=\"text-align: justify\">Diferente de outros cursos, todos os conte\u00fados foram abordados na pr\u00e1tica a campo, onde os alunos puderam realizar t\u00e9cnicas de enxertia em solan\u00e1ceas (Capsicum annum e Solanum lycopersicum), carboniza\u00e7\u00e3o de res\u00edduo da agroind\u00fastria, compostagem, preparo de calda bordalesa e sulfoc\u00e1lcica, biofertilizante supermagro e simples, al\u00e9m do controle biol\u00f3gico com Baccilus thuringiensis e Thicoderma harzianum.<\/p>\n<p style=\"text-align: justify\">O curso \u00e9 realizado pelo Centro Vocacional de Refer\u00eancia em Agroecologia e Produ\u00e7\u00e3o Org\u00e2nica do Acre &#8211; CVT Acre, que foi aprovado atrav\u00e9s da Chamada MCTI\/MEC\/MAPA\/CNPq Edital 46\/2012. O projeto tem como miss\u00e3o ser um centro de refer\u00eancia para o desenvolvimento rural sustent\u00e1vel e dos conhecimentos e pr\u00e1ticas de produ\u00e7\u00e3o org\u00e2nica e de base agroecol\u00f3gica no Acre. Sua atua\u00e7\u00e3o no IFAC abrange projetos desenvolvidos nos quatro c\u00e2mpus.<\/p>\n<p style=\"text-align: justify\">De acordo com a coordenadora geral do CVT Acre, Prof\u00aa Dra. Rosana Cavalcante dos Santos, as a\u00e7\u00f5es dos projetos do CVT se dar\u00e3o por meio do desenvolvimento de atividades de extens\u00e3o tecnol\u00f3gica, pesquisa cient\u00edfica e educa\u00e7\u00e3o profissional na \u00e1rea de agroecologia e produ\u00e7\u00e3o org\u00e2nica de alimentos.<\/p>\n<p style=\"text-align: justify\">A proposta consta de quatro eixos tem\u00e1ticos que consistem em planos de a\u00e7\u00e3o cada constitu\u00eddo de atividades e metas sendo eles a Gest\u00e3o do projeto CVT Acre; a Capacita\u00e7\u00e3o em agroecologia e produ\u00e7\u00e3o org\u00e2nica; a Extens\u00e3o em agroecologia produ\u00e7\u00e3o org\u00e2nica via interc\u00e2mbios promovendo troca de saberes; o Desenvolvimento de pesquisas em sistematiza\u00e7\u00e3o de experi\u00eancias e pr\u00e1ticas agroecol\u00f3gicas e org\u00e2nicas do Acre, incluindo quintais urbanos, levantamento da produ\u00e7\u00e3o familiar agroecol\u00f3gica e estudos nas \u00e1reas de agrobiodiversidade, substitui\u00e7\u00e3o de insumos e prote\u00e7\u00e3o de plantas.<\/p>\n<p style=\"text-align: justify\"><a href=\"http:\/\/web.ifac.edu.br\/cvtagroecologia\/wp-content\/uploads\/sites\/40\/2014\/07\/M\u00f3dulo-1-CVTdois.jpg\"><img decoding=\"async\" class=\"alignright wp-image-162 size-full\" src=\"http:\/\/web.ifac.edu.br\/cvtagroecologia\/wp-content\/uploads\/sites\/40\/2014\/07\/M\u00f3dulo-1-CVTdois.jpg\" alt=\"M\u00f3dulo 1 CVTdois\" width=\"200\" height=\"263\" \/><\/a><br \/>\nSegundo os agricultores e alunos participantes, o curso veio num per\u00edodo oportuno, tendo em vista as dificuldades encontradas pelos produtores da regi\u00e3o, e que atrav\u00e9s das orienta\u00e7\u00f5es e alternativas que aprenderam a fazer, poder\u00e3o melhorar os sistemas produtivos, principalmente no cultivo agroecol\u00f3gico de hortali\u00e7as.<\/p>\n<p style=\"text-align: justify\">(Com informa\u00e7\u00f5es do C\u00e2mpus Cruzeiro do Sul)<\/p>\n","protected":false},"excerpt":{"rendered":"<p>O M\u00f3dulo I de \u201cPr\u00e1ticas Agroecol\u00f3gicas em Olericultura\u201d do curso de \u201cT\u00e9cnicas Agroecol\u00f3gicas para o Tr\u00f3pico \u00damido\u201d foi conclu\u00eddo nesta semana, com encerramento de atividades a campo. O curso \u00e9 ofertado pelo Centro Vocacional Tecnol\u00f3gico de Refer\u00eancia em Agroecologia e<\/p>\n","protected":false},"author":49,"featured_media":159,"comment_status":"closed","ping_status":"open","sticky":false,"template":"","format":"standard","meta":{"footnotes":""},"categories":[5],"tags":[],"class_list":["post-158","post","type-post","status-publish","format-standard","has-post-thumbnail","hentry","category-noticias"],"_links":{"self":[{"href":"https:\/\/web.ifac.edu.br\/cvtagroecologia\/wp-json\/wp\/v2\/posts\/158","targetHints":{"allow":["GET"]}}],"collection":[{"href":"https:\/\/web.ifac.edu.br\/cvtagroecologia\/wp-json\/wp\/v2\/posts"}],"about":[{"href":"https:\/\/web.ifac.edu.br\/cvtagroecologia\/wp-json\/wp\/v2\/types\/post"}],"author":[{"embeddable":true,"href":"https:\/\/web.ifac.edu.br\/cvtagroecologia\/wp-json\/wp\/v2\/users\/49"}],"replies":[{"embeddable":true,"href":"https:\/\/web.ifac.edu.br\/cvtagroecologia\/wp-json\/wp\/v2\/comments?post=158"}],"version-history":[{"count":0,"href":"https:\/\/web.ifac.edu.br\/cvtagroecologia\/wp-json\/wp\/v2\/posts\/158\/revisions"}],"wp:featuredmedia":[{"embeddable":true,"href":"https:\/\/web.ifac.edu.br\/cvtagroecologia\/wp-json\/"}],"wp:attachment":[{"href":"https:\/\/web.ifac.edu.br\/cvtagroecologia\/wp-json\/wp\/v2\/media?parent=158"}],"wp:term":[{"taxonomy":"category","embeddable":true,"href":"https:\/\/web.ifac.edu.br\/cvtagroecologia\/wp-json\/wp\/v2\/categories?post=158"},{"taxonomy":"post_tag","embeddable":true,"href":"https:\/\/web.ifac.edu.br\/cvtagroecologia\/wp-json\/wp\/v2\/tags?post=158"}],"curies":[{"name":"wp","href":"https:\/\/api.w.org\/{rel}","templated":true}]}}