{"id":1574,"date":"2016-06-09T14:50:05","date_gmt":"2016-06-09T14:50:05","guid":{"rendered":"http:\/\/web.ifac.edu.br\/cvtagroecologia\/?p=1574"},"modified":"2016-06-09T14:50:05","modified_gmt":"2016-06-09T14:50:05","slug":"alunos-do-ifac-e-escola-da-floresta-visitam-experimento-no-ambito-do-cvt","status":"publish","type":"post","link":"https:\/\/web.ifac.edu.br\/cvtagroecologia\/alunos-do-ifac-e-escola-da-floresta-visitam-experimento-no-ambito-do-cvt\/","title":{"rendered":"Alunos do IFAC e Escola da Floresta visitam experimento no \u00e2mbito do CVT"},"content":{"rendered":"<p>Atividade fez parte da 12\u00aa Semana de Alimentos Org\u00e2nicos, organizada pela Comiss\u00e3o de Produ\u00e7\u00e3o Org\u00e2nica do Estado do Acre &#8211; CPORg-AC, que tem o IFAC como membro<\/p>\n<p>&nbsp;<\/p>\n<p><img decoding=\"async\" style=\"margin-left: auto;margin-right: auto\" src=\"http:\/\/portal.ifac.edu.br\/images\/conteudo\/materias\/2016\/06\/Visitacvtumum.JPG\" alt=\"\" \/><\/p>\n<p>&nbsp;<\/p>\n<p style=\"text-align: justify\">Alunos do curso T\u00e9cnico em Agroecologia Campus Baixada do Sol do Instituto Federal do Acre \u2013 IFAC e do curso T\u00e9cnico em Agroecologia e Agropecu\u00e1ria da Escola da Floresta, visitaram nos dias 30 e 31 de maio, o Experimento Sementes Crioulas Tradicionais ou Locais desenvolvido pelo Centro Vocacional Tecnol\u00f3gico de Refer\u00eancia em Agroecologia e Produ\u00e7\u00e3o de Org\u00e2nicos do Acre CVT &#8211; Agroecologia, que est\u00e1 sendo realizado no Campus da Universidade Federal do Acre &#8211; UFAC.<\/p>\n<p style=\"text-align: justify\">A visita orientada fez parte da 12\u00aa Semana de Alimentos Org\u00e2nicos, organizada pela Comiss\u00e3o de Produ\u00e7\u00e3o Org\u00e2nica do Estado do Acre- CPORg-AC, e do qual o Instituto Federal do Acre \u00e9 membro. A Semana ocorreu no per\u00edodo de 28 a 5 de junho e teve como objetivo promover os alimentos org\u00e2nicos e conscientizar os consumidores sobre o meio agroecol\u00f3gico em que s\u00e3o englobados.<\/p>\n<p style=\"text-align: justify\">A campanha procura, tamb\u00e9m, informar ao consumidor como reconhecer o produto org\u00e2nico nos diversos espa\u00e7os de comercializa\u00e7\u00e3o, para que participe como agente no controle social da qualidade org\u00e2nica, melhorando a rela\u00e7\u00e3o de confian\u00e7a entre produtores e consumidores.<\/p>\n<p><img decoding=\"async\" style=\"margin-left: auto;margin-right: auto\" src=\"http:\/\/portal.ifac.edu.br\/images\/conteudo\/materias\/2016\/06\/Visitacvtdois.JPG\" alt=\"\" \/><\/p>\n<p><img decoding=\"async\" style=\"margin-left: auto;margin-right: auto\" src=\"http:\/\/portal.ifac.edu.br\/images\/conteudo\/materias\/2016\/06\/Visitacvttres.JPG\" alt=\"\" \/><\/p>\n<p style=\"text-align: justify\">A visita ocorreu sob a orienta\u00e7\u00e3o da Profa. Joana Dias, do t\u00e9cnico Alysson Cavalcanti e de mediadores da Escola da Floresta. O grupo de alunos foi recebido pelos bolsistas do CVT Agroecologia Cristina S\u00e1, Valcermyr Teodoro, Lucas Monteiro e Aldo da Costa que desenvolvem as atividades do projeto coordenado pelos Professores Rosana Cavalcante dos Santos e Vanderley Borges dos Santos.<\/p>\n<p style=\"text-align: justify\">No primeiro momento foram apresentadas as a\u00e7\u00f5es do CVT Agroecologia destacando sua miss\u00e3o e objetivos enquanto centro de refer\u00eancia na produ\u00e7\u00e3o org\u00e2nica. O Projeto Sementes Crioulas Tradicionais ou Locais \u00e9 um projeto aprovado pelo CNPQ, no \u00e2mbito CVT e tem como objetivos a identifica\u00e7\u00e3o, resgate, multiplica\u00e7\u00e3o e interc\u00e2mbio de sementes de variedades tradicionais de feij\u00e3o caupi e feij\u00e3o comum do Acre.<\/p>\n<p style=\"text-align: center\"><img decoding=\"async\" src=\"http:\/\/portal.ifac.edu.br\/images\/conteudo\/materias\/2016\/06\/Visitacvtquatro.JPG\" alt=\"\" \/><\/p>\n<p style=\"text-align: justify\">Durante a visita foi relatado a diversidade de variedades de feij\u00f5es Caupi e Comum existentes no Estado, modelo de experimento em blocos casualizados e a forma de preven\u00e7\u00e3o contra pragas com uso da calda de pimenta. Os alunos tamb\u00e9m tiveram a oportunidade de conhecer o projeto de produ\u00e7\u00e3o de adubo org\u00e2nico clicado por minhocas, que teve como finalidade gerar a aduba\u00e7\u00e3o org\u00e2nica do experimento.<\/p>\n<p style=\"text-align: justify\">Ao final da visita os alunos foram at\u00e9 a \u00e1rea do experimento destinada ao plantio para a multiplica\u00e7\u00e3o de sementes, que ser\u00e3o usadas em novos projetos, interc\u00e2mbios e trocas em feiras de sementes.<\/p>\n<p><img decoding=\"async\" style=\"margin-left: auto;margin-right: auto\" src=\"http:\/\/portal.ifac.edu.br\/images\/conteudo\/materias\/2016\/06\/Visitacvtcinco.JPG\" alt=\"\" \/><\/p>\n<p><!--StartFragment--> <!--EndFragment--><\/p>\n<p>Veja mais fotos na<span style=\"color: #3366ff\"> <a href=\"https:\/\/www.facebook.com\/RedeIfac\/photos\/?tab=album&amp;album_id=912848142159143\" rel=\"alternate\">Rede IFAC<\/a><\/span><\/p>\n<p>Fonte: <a id=\"LPlnk727817\" href=\"http:\/\/portal.ifac.edu.br\/index.php?option=com_content&amp;view=article&amp;id=241\" target=\"_blank\">http:\/\/portal.ifac.edu.br\/index.php?option=com_content&amp;view=article&amp;id=241<\/a><\/p>\n<p>&nbsp;<\/p>\n","protected":false},"excerpt":{"rendered":"<p>Atividade fez parte da 12\u00aa Semana de Alimentos Org\u00e2nicos, organizada pela Comiss\u00e3o de Produ\u00e7\u00e3o Org\u00e2nica do Estado do Acre &#8211; CPORg-AC, que tem o IFAC como membro &nbsp; &nbsp; Alunos do curso T\u00e9cnico em Agroecologia Campus Baixada do Sol do<\/p>\n","protected":false},"author":51,"featured_media":1597,"comment_status":"closed","ping_status":"open","sticky":false,"template":"","format":"standard","meta":{"footnotes":""},"categories":[4,5],"tags":[],"class_list":["post-1574","post","type-post","status-publish","format-standard","has-post-thumbnail","hentry","category-fotos","category-noticias"],"_links":{"self":[{"href":"https:\/\/web.ifac.edu.br\/cvtagroecologia\/wp-json\/wp\/v2\/posts\/1574","targetHints":{"allow":["GET"]}}],"collection":[{"href":"https:\/\/web.ifac.edu.br\/cvtagroecologia\/wp-json\/wp\/v2\/posts"}],"about":[{"href":"https:\/\/web.ifac.edu.br\/cvtagroecologia\/wp-json\/wp\/v2\/types\/post"}],"author":[{"embeddable":true,"href":"https:\/\/web.ifac.edu.br\/cvtagroecologia\/wp-json\/wp\/v2\/users\/51"}],"replies":[{"embeddable":true,"href":"https:\/\/web.ifac.edu.br\/cvtagroecologia\/wp-json\/wp\/v2\/comments?post=1574"}],"version-history":[{"count":0,"href":"https:\/\/web.ifac.edu.br\/cvtagroecologia\/wp-json\/wp\/v2\/posts\/1574\/revisions"}],"wp:featuredmedia":[{"embeddable":true,"href":"https:\/\/web.ifac.edu.br\/cvtagroecologia\/wp-json\/"}],"wp:attachment":[{"href":"https:\/\/web.ifac.edu.br\/cvtagroecologia\/wp-json\/wp\/v2\/media?parent=1574"}],"wp:term":[{"taxonomy":"category","embeddable":true,"href":"https:\/\/web.ifac.edu.br\/cvtagroecologia\/wp-json\/wp\/v2\/categories?post=1574"},{"taxonomy":"post_tag","embeddable":true,"href":"https:\/\/web.ifac.edu.br\/cvtagroecologia\/wp-json\/wp\/v2\/tags?post=1574"}],"curies":[{"name":"wp","href":"https:\/\/api.w.org\/{rel}","templated":true}]}}