{"id":1396,"date":"2016-05-12T14:20:11","date_gmt":"2016-05-12T14:20:11","guid":{"rendered":"http:\/\/web.ifac.edu.br\/cvtagroecologia\/?p=1396"},"modified":"2016-05-12T14:20:11","modified_gmt":"2016-05-12T14:20:11","slug":"projeto-sementes-crioulas-tradicionais-ou-locais","status":"publish","type":"post","link":"https:\/\/web.ifac.edu.br\/cvtagroecologia\/projeto-sementes-crioulas-tradicionais-ou-locais\/","title":{"rendered":"Projeto Sementes Crioulas Tradicionais ou Locais"},"content":{"rendered":"<p><a href=\"http:\/\/web.ifac.edu.br\/cvtagroecologia\/projeto-sementes-crioulas-tradicionais-ou-locais\/img-20160315-wa0019\/\" rel=\"attachment wp-att-1399\"><img fetchpriority=\"high\" decoding=\"async\" class=\"alignleft wp-image-1399 size-full\" src=\"http:\/\/web.ifac.edu.br\/cvtagroecologia\/wp-content\/uploads\/sites\/40\/2016\/05\/IMG-20160315-WA0019.jpg\" width=\"1280\" height=\"719\" \/><\/a><\/p>\n<p>No Acre, o feij\u00e3o comum<em> Vigna unguiculata (<\/em>L<em>.<\/em>) Walp e o feij\u00e3o caupi <em>Phaseolus vulgarris <\/em>L., s\u00e3o cultivados e envolve aproximadamente 20 mil agricultores familiares e apresenta grande import\u00e2ncia social, cultural e econ\u00f4mica. Estas variedades apresentam grande variabilidade e s\u00e3o mantidas e armazenadas, ano ap\u00f3s ano, em garraf\u00f5es de vidro, toneis de metal, bobonas e garrafas PET. Assim, pelo tipo de manejo, sele\u00e7\u00e3o de semente, armazenamento e tempo de cultivo, pode-se considerar que estas sementes foram acriouladas e suas variedades j\u00e1 s\u00e3o locais.<\/p>\n<p><a href=\"http:\/\/web.ifac.edu.br\/cvtagroecologia\/wp-content\/uploads\/sites\/40\/2016\/05\/IMG-20160315-WA0041.jpg\"><img decoding=\"async\" class=\"wp-image-1407 aligncenter\" src=\"http:\/\/web.ifac.edu.br\/cvtagroecologia\/wp-content\/uploads\/sites\/40\/2016\/05\/IMG-20160315-WA0041-768x1024.jpg\" alt=\"IMG-20160315-WA0041\" width=\"419\" height=\"558\" \/><\/a>Com o objetivo de identificar, resgatar, multiplicar e troca de sementes de variedades tradicionais de feij\u00e3o caupi e feij\u00e3o comum do Acre, o projeto tende a\u00a0contribuir\u00a0para tornar os agroecossitemas mais equilibrados, sendo pass\u00edveis da utiliza\u00e7\u00e3o em sistemas agroecol\u00f3gicos, que adotam como princ\u00edpio uma agricultura mais limpa.<\/p>\n<p><strong>Multiplica\u00e7\u00e3o e experimentos com sementes- <\/strong>O experimento est\u00e1 sendo conduzido em \u00e1rea da Universidade Federal do Acre, sob a orienta\u00e7\u00e3o dos professores Vanderley Borges e Rosana Cavalcante, com a participa\u00e7\u00e3o dos bolsistas Aldo Bandeira, Cristina S\u00e1, Lucas Monteiro, Valcermyr Teodoro, Huiru Negreiros (volunt\u00e1rio), alunos do curso de Agronomia e mestrado. Este projeto \u00e9 veiculado ao CVT Agroecologia e CNPQ.<\/p>\n<p>O\u00a0preparo do solo foi realizado com anteced\u00eancia, sendo feito a \u00a0an\u00e1lise de solo e posterior corre\u00e7\u00e3o com calc\u00e1rio e aduba\u00e7\u00e3o org\u00e2nica, distribu\u00eddo nos sulcos de forma uniforme. O composto usado como adubo, foi oriundo do projeto de Produ\u00e7\u00e3o de Adubo Org\u00e2nico ciclado por minhocas.<\/p>\n<p><a href=\"http:\/\/web.ifac.edu.br\/cvtagroecologia\/wp-content\/uploads\/sites\/40\/2016\/05\/IMG-20160311-WA0005.jpg\"><img decoding=\"async\" class=\"alignleft wp-image-1420 size-medium\" src=\"http:\/\/web.ifac.edu.br\/cvtagroecologia\/wp-content\/uploads\/sites\/40\/2016\/05\/IMG-20160311-WA0005-168x300.jpg\" alt=\"IMG-20160311-WA0005\" width=\"168\" height=\"300\" \/><\/a><\/p>\n<p><a href=\"http:\/\/web.ifac.edu.br\/cvtagroecologia\/wp-content\/uploads\/sites\/40\/2016\/05\/IMG-20160408-WA0009.jpg\"><img loading=\"lazy\" decoding=\"async\" class=\"alignleft wp-image-1371 size-medium\" src=\"http:\/\/web.ifac.edu.br\/cvtagroecologia\/wp-content\/uploads\/sites\/40\/2016\/05\/IMG-20160408-WA0009-168x300.jpg\" alt=\"IMG-20160408-WA0009\" width=\"168\" height=\"300\" \/><\/a>\u00a0 \u00a0<a href=\"http:\/\/web.ifac.edu.br\/cvtagroecologia\/wp-content\/uploads\/sites\/40\/2016\/05\/IMG-20160510-WA0016.jpg\"><img loading=\"lazy\" decoding=\"async\" class=\"wp-image-1337 size-medium alignnone\" src=\"http:\/\/web.ifac.edu.br\/cvtagroecologia\/wp-content\/uploads\/sites\/40\/2016\/05\/IMG-20160510-WA0016-168x300.jpg\" alt=\"IMG-20160510-WA0016\" width=\"168\" height=\"300\" \/><\/a><\/p>\n<p>O plantio de multiplica\u00e7\u00e3o, foi realizado no dia 8 de abril, com o total de 12 variedades: Cear\u00e1 caupi mercado,\u00a0 Manteg\u00e3o, Cear\u00e1 caupi Rio Caet\u00e9, Costela de vaca, Manteguinha, Mudubim vara, Baiano, Mudubim rama, Cear\u00e1 caupi, Carioquinha, Caupi preto e Rosinha. Cada variedade foi plantada com duas repeti\u00e7\u00f5es. Ser\u00e3o realizados tratos culturais, controle de plantas competidoras com capinas. Aplica\u00e7\u00f5es de defensivos contra pragas e doen\u00e7as est\u00e1 sendo feito por meio de pulveriza\u00e7\u00e3o de calda de fumo.<\/p>\n<p><a href=\"http:\/\/web.ifac.edu.br\/cvtagroecologia\/wp-content\/uploads\/sites\/40\/2016\/05\/DSC00373.jpg\"><img loading=\"lazy\" decoding=\"async\" class=\"aligncenter wp-image-1440 size-large\" src=\"http:\/\/web.ifac.edu.br\/cvtagroecologia\/wp-content\/uploads\/sites\/40\/2016\/05\/DSC00373-1024x768.jpg\" alt=\"DSC00373\" width=\"750\" height=\"563\" \/><\/a><\/p>\n<p><img loading=\"lazy\" decoding=\"async\" class=\"aligncenter wp-image-1421 size-large\" src=\"http:\/\/web.ifac.edu.br\/cvtagroecologia\/wp-content\/uploads\/sites\/40\/2016\/05\/IMG-20160405-WA0009-1024x576.jpg\" alt=\"IMG-20160405-WA0009\" width=\"750\" height=\"422\" \/><\/p>\n<p>&nbsp;<\/p>\n<p><img loading=\"lazy\" decoding=\"async\" class=\"alignleft wp-image-1450 size-medium\" src=\"http:\/\/web.ifac.edu.br\/cvtagroecologia\/wp-content\/uploads\/sites\/40\/2016\/05\/IMG-20160426-WA0017-168x300.jpg\" alt=\"IMG-20160426-WA0017\" width=\"168\" height=\"300\" \/><\/p>\n<p><a href=\"http:\/\/web.ifac.edu.br\/cvtagroecologia\/wp-content\/uploads\/sites\/40\/2016\/05\/IMG-20160420-WA0011.jpg\"><img loading=\"lazy\" decoding=\"async\" class=\"alignleft size-medium wp-image-1452\" src=\"http:\/\/web.ifac.edu.br\/cvtagroecologia\/wp-content\/uploads\/sites\/40\/2016\/05\/IMG-20160420-WA0011-168x300.jpg\" alt=\"IMG-20160420-WA0011\" width=\"168\" height=\"300\" \/><\/a><\/p>\n<p><a href=\"http:\/\/web.ifac.edu.br\/cvtagroecologia\/wp-content\/uploads\/sites\/40\/2016\/05\/IMG-20160420-WA0014.jpg\"><img loading=\"lazy\" decoding=\"async\" class=\"size-medium wp-image-1451 alignnone\" src=\"http:\/\/web.ifac.edu.br\/cvtagroecologia\/wp-content\/uploads\/sites\/40\/2016\/05\/IMG-20160420-WA0014-168x300.jpg\" alt=\"IMG-20160420-WA0014\" width=\"168\" height=\"300\" \/><\/a><\/p>\n<p>O experimento para obten\u00e7\u00e3o de an\u00e1lises de caracteriza\u00e7\u00e3o morfol\u00f3gica e estudo de diversidade, teve o plantio no dia 5 de maio, com 8 variedades de feij\u00e3o Caupi: Baiano,\u00a0 Cear\u00e1 mercado, Mudubim de rama, Manteg\u00e3o, Cear\u00e1 caete, Costela de vaca, Caupi ro\u00e7ado e Manteguinha. Esse experimento ocorre em blocos casualizados com tr\u00eas repeti\u00e7\u00f5es, com parcelas constitu\u00eddas de duas fileiras de plantas e 5,0 m de comprimento.<\/p>\n<p><a href=\"http:\/\/web.ifac.edu.br\/cvtagroecologia\/wp-content\/uploads\/sites\/40\/2016\/05\/IMG-20160505-WA0009.jpg\"><img loading=\"lazy\" decoding=\"async\" class=\"aligncenter wp-image-1445 size-large\" src=\"http:\/\/web.ifac.edu.br\/cvtagroecologia\/wp-content\/uploads\/sites\/40\/2016\/05\/IMG-20160505-WA0009-1024x575.jpg\" alt=\"IMG-20160505-WA0009\" width=\"750\" height=\"421\" \/><\/a><\/p>\n<p>&nbsp;<\/p>\n<p><a href=\"http:\/\/web.ifac.edu.br\/cvtagroecologia\/projeto-sementes-crioulas-tradicionais-ou-locais\/img-20160505-wa0010\/\" rel=\"attachment wp-att-1446\"><img loading=\"lazy\" decoding=\"async\" class=\"wp-image-1446 size-large aligncenter\" src=\"http:\/\/web.ifac.edu.br\/cvtagroecologia\/wp-content\/uploads\/sites\/40\/2016\/05\/IMG-20160505-WA0010-1024x575.jpg\" alt=\"IMG-20160505-WA0010\" width=\"750\" height=\"421\" \/><\/a><\/p>\n<figure id=\"attachment_1426\" aria-describedby=\"caption-attachment-1426\" style=\"width: 750px\" class=\"wp-caption aligncenter\"><a href=\"http:\/\/web.ifac.edu.br\/cvtagroecologia\/wp-content\/uploads\/sites\/40\/2016\/05\/IMG-20160505-WA0012.jpg\"><img loading=\"lazy\" decoding=\"async\" class=\"wp-image-1426 size-large\" src=\"http:\/\/web.ifac.edu.br\/cvtagroecologia\/wp-content\/uploads\/sites\/40\/2016\/05\/IMG-20160505-WA0012-1024x575.jpg\" width=\"750\" height=\"421\" \/><\/a><figcaption id=\"caption-attachment-1426\" class=\"wp-caption-text\">Alunos do curso de Agronomia<\/figcaption><\/figure>\n<p>Com os resultados do projeto, ser\u00e1 poss\u00edvel sistematizar e socializar conhecimentos, m\u00e9todos e experi\u00eancias agroecol\u00f3gicas e de produ\u00e7\u00e3o org\u00e2nica familiar no Acre, estimulando experi\u00eancias locais de uso e conserva\u00e7\u00e3o dos recursos gen\u00e9ticos vegetais e animais, especialmente \u00e0quelas que envolvam o manejo de ra\u00e7as e variedades locais, tradicionais ou crioulas, gerar suporte para desenvolvimento de trabalhos de conclus\u00e3o de cursos no Instituto Federal do Acre (IFAC) e cursos de gradua\u00e7\u00e3o na Universidade Federal do Acre (UFAC), envio de artigos para peri\u00f3dicos espec\u00edficos e promover troca de sementes durante a Semana de org\u00e2nicos do Acre.<\/p>\n<p>&nbsp;<\/p>\n","protected":false},"excerpt":{"rendered":"<p>No Acre, o feij\u00e3o comum Vigna unguiculata (L.) Walp e o feij\u00e3o caupi Phaseolus vulgarris L., s\u00e3o cultivados e envolve aproximadamente 20 mil agricultores familiares e apresenta grande import\u00e2ncia social, cultural e econ\u00f4mica. Estas variedades apresentam grande variabilidade e s\u00e3o<\/p>\n","protected":false},"author":51,"featured_media":1486,"comment_status":"closed","ping_status":"open","sticky":false,"template":"","format":"standard","meta":{"footnotes":""},"categories":[4,5],"tags":[],"class_list":["post-1396","post","type-post","status-publish","format-standard","has-post-thumbnail","hentry","category-fotos","category-noticias"],"_links":{"self":[{"href":"https:\/\/web.ifac.edu.br\/cvtagroecologia\/wp-json\/wp\/v2\/posts\/1396","targetHints":{"allow":["GET"]}}],"collection":[{"href":"https:\/\/web.ifac.edu.br\/cvtagroecologia\/wp-json\/wp\/v2\/posts"}],"about":[{"href":"https:\/\/web.ifac.edu.br\/cvtagroecologia\/wp-json\/wp\/v2\/types\/post"}],"author":[{"embeddable":true,"href":"https:\/\/web.ifac.edu.br\/cvtagroecologia\/wp-json\/wp\/v2\/users\/51"}],"replies":[{"embeddable":true,"href":"https:\/\/web.ifac.edu.br\/cvtagroecologia\/wp-json\/wp\/v2\/comments?post=1396"}],"version-history":[{"count":0,"href":"https:\/\/web.ifac.edu.br\/cvtagroecologia\/wp-json\/wp\/v2\/posts\/1396\/revisions"}],"wp:featuredmedia":[{"embeddable":true,"href":"https:\/\/web.ifac.edu.br\/cvtagroecologia\/wp-json\/"}],"wp:attachment":[{"href":"https:\/\/web.ifac.edu.br\/cvtagroecologia\/wp-json\/wp\/v2\/media?parent=1396"}],"wp:term":[{"taxonomy":"category","embeddable":true,"href":"https:\/\/web.ifac.edu.br\/cvtagroecologia\/wp-json\/wp\/v2\/categories?post=1396"},{"taxonomy":"post_tag","embeddable":true,"href":"https:\/\/web.ifac.edu.br\/cvtagroecologia\/wp-json\/wp\/v2\/tags?post=1396"}],"curies":[{"name":"wp","href":"https:\/\/api.w.org\/{rel}","templated":true}]}}