{"id":1127,"date":"2015-08-07T00:11:41","date_gmt":"2015-08-07T00:11:41","guid":{"rendered":"http:\/\/web.ifac.edu.br\/cvtagroecologia\/?p=1127"},"modified":"2015-08-07T00:11:41","modified_gmt":"2015-08-07T00:11:41","slug":"reitora-participa-de-reuniao-com-presidente-do-cnpq-em-brasilia","status":"publish","type":"post","link":"https:\/\/web.ifac.edu.br\/cvtagroecologia\/reitora-participa-de-reuniao-com-presidente-do-cnpq-em-brasilia\/","title":{"rendered":"Reitora participa de reuni\u00e3o com Presidente do CNPq em Bras\u00edlia."},"content":{"rendered":"<figure id=\"attachment_1128\" aria-describedby=\"caption-attachment-1128\" style=\"width: 300px\" class=\"wp-caption alignleft\"><a href=\"http:\/\/web.ifac.edu.br\/cvtagroecologia\/wp-content\/uploads\/sites\/40\/2015\/08\/IMG-20150806-WA0013.jpg\"><img fetchpriority=\"high\" decoding=\"async\" class=\"size-medium wp-image-1128\" src=\"http:\/\/web.ifac.edu.br\/cvtagroecologia\/wp-content\/uploads\/sites\/40\/2015\/08\/IMG-20150806-WA0013-300x225.jpg\" alt=\"Reuni\u00e3o com o Presidente do CNPq, em Bras\u00edlia.\" width=\"300\" height=\"225\" \/><\/a><figcaption id=\"caption-attachment-1128\" class=\"wp-caption-text\">Reuni\u00e3o com o Presidente do CNPq, em Bras\u00edlia.<\/figcaption><\/figure>\n<p>A Reitora e Coordenadora do CVT &#8211; Agroecologia, Rosana Cavalcante dos Santos, participou na<span class=\"notice\"><span style=\"text-align: justify\"> quinta-feira, 6, de uma reuni\u00e3o em Bras\u00edlia, com o presidente do Conselho Nacional de Desenvolvimento Cient\u00edfico e Tecnol\u00f3gico (CNPq), Hernan Chaimovich. Tratava-se de uma reuni\u00e3o t\u00e9cnica para que haja uma coopera\u00e7\u00e3o entre CNPq e o Instituto Federal do Acre &#8211; IFAC, na tentativa de fechar parceria entre ambas as partes, aumentando desta forma o apoio e incentivo \u00e0 pesquisa, juntamente com os alunos e professores do IFAC. O CNPq \u00e9 respons\u00e1vel por grande parte da produ\u00e7\u00e3o cient\u00edfica brasileira a partir de seus financiamentos.<br \/>\n<\/span><\/span><\/p>\n<p>Lembrando que o Centro Vocacional Tecnol\u00f3gico de Refer\u00eancia em Agroecologia e Produ\u00e7\u00e3o de Org\u00e2nicos do Acre &#8211; CVT Agroecologia, tamb\u00e9m foi financiado pelo CNPq. Sendo assim, acrescentou de forma positiva a produ\u00e7\u00e3o de org\u00e2nicos do Estado atrav\u00e9s de pesquisa, experimentos, ofertando cursos a produtores rurais, entre outras atividades desenvolvidas pelo CVT com o apoio do CNPq. Participaram da reuni\u00e3o <span class=\"notice\">o assessor especial da Reitoria, prof. F\u00e1bio Storch<\/span> e o Deputado Federal Sib\u00e1 Machado. Assim \u00e9 evidente que a participa\u00e7\u00e3o do CNPq na forma\u00e7\u00e3o t\u00e9cnica e\u00a0 acad\u00eamica brasileira \u00e9 essencial n\u00e3o s\u00f3 pelo volume de pesquisa, mas, principalmente, pelo m\u00e9rito da sua representatividade.<\/p>\n<p>&nbsp;<\/p>\n","protected":false},"excerpt":{"rendered":"<p>A Reitora e Coordenadora do CVT &#8211; Agroecologia, Rosana Cavalcante dos Santos, participou na quinta-feira, 6, de uma reuni\u00e3o em Bras\u00edlia, com o presidente do Conselho Nacional de Desenvolvimento Cient\u00edfico e Tecnol\u00f3gico (CNPq), Hernan Chaimovich. Tratava-se de uma reuni\u00e3o t\u00e9cnica<\/p>\n","protected":false},"author":51,"featured_media":1128,"comment_status":"closed","ping_status":"open","sticky":false,"template":"","format":"standard","meta":{"footnotes":""},"categories":[4,5],"tags":[],"class_list":["post-1127","post","type-post","status-publish","format-standard","has-post-thumbnail","hentry","category-fotos","category-noticias"],"_links":{"self":[{"href":"https:\/\/web.ifac.edu.br\/cvtagroecologia\/wp-json\/wp\/v2\/posts\/1127","targetHints":{"allow":["GET"]}}],"collection":[{"href":"https:\/\/web.ifac.edu.br\/cvtagroecologia\/wp-json\/wp\/v2\/posts"}],"about":[{"href":"https:\/\/web.ifac.edu.br\/cvtagroecologia\/wp-json\/wp\/v2\/types\/post"}],"author":[{"embeddable":true,"href":"https:\/\/web.ifac.edu.br\/cvtagroecologia\/wp-json\/wp\/v2\/users\/51"}],"replies":[{"embeddable":true,"href":"https:\/\/web.ifac.edu.br\/cvtagroecologia\/wp-json\/wp\/v2\/comments?post=1127"}],"version-history":[{"count":0,"href":"https:\/\/web.ifac.edu.br\/cvtagroecologia\/wp-json\/wp\/v2\/posts\/1127\/revisions"}],"wp:featuredmedia":[{"embeddable":true,"href":"https:\/\/web.ifac.edu.br\/cvtagroecologia\/wp-json\/"}],"wp:attachment":[{"href":"https:\/\/web.ifac.edu.br\/cvtagroecologia\/wp-json\/wp\/v2\/media?parent=1127"}],"wp:term":[{"taxonomy":"category","embeddable":true,"href":"https:\/\/web.ifac.edu.br\/cvtagroecologia\/wp-json\/wp\/v2\/categories?post=1127"},{"taxonomy":"post_tag","embeddable":true,"href":"https:\/\/web.ifac.edu.br\/cvtagroecologia\/wp-json\/wp\/v2\/tags?post=1127"}],"curies":[{"name":"wp","href":"https:\/\/api.w.org\/{rel}","templated":true}]}}