{"id":1085,"date":"2015-06-08T21:10:34","date_gmt":"2015-06-08T21:10:34","guid":{"rendered":"http:\/\/web.ifac.edu.br\/cvtagroecologia\/?p=1085"},"modified":"2015-06-08T21:10:34","modified_gmt":"2015-06-08T21:10:34","slug":"cvt-agroecologia-certifica-produtores-rurais-do-projeto-triunfo-em-placido-de-castro","status":"publish","type":"post","link":"https:\/\/web.ifac.edu.br\/cvtagroecologia\/cvt-agroecologia-certifica-produtores-rurais-do-projeto-triunfo-em-placido-de-castro\/","title":{"rendered":"CVT Agroecologia certifica produtores rurais do Projeto Triunfo em Pl\u00e1cido de Castro"},"content":{"rendered":"<p><img decoding=\"async\" src=\"http:\/\/www.ifac.edu.br\/images\/Certifica%C3%A7%C3%A3o_destaque%201.jpg\" alt=\"Certifica\u00e7\u00e3o destaque 1\" \/><\/p>\n<p style=\"color: #000000\">Uma cerim\u00f4nia realizada na sede da Associa\u00e7\u00e3o Solidariedade do Projeto Triunfo, localizado no Km 75 da estrada de acesso ao munic\u00edpio de Pl\u00e1cido de Castro, na sexta-feira, 5, marcou a certifica\u00e7\u00e3o dos produtores rurais que participaram dos cursos de Piscicultura Org\u00e2nica, Certifica\u00e7\u00e3o Org\u00e2nica e Avicultura Org\u00e2nica, ofertados pelo Centro Vocacional Tecnol\u00f3gico de Refer\u00eancia em Agroecologia e Produ\u00e7\u00e3o Org\u00e2nica do Acre &#8211; CVT Agroecologia do Instituto Federal do Acre \u2013 IFAC.<\/p>\n<p style=\"color: #000000\">Participaram da solenidade Jo\u00e3o Ramalheis, as engenheiras agr\u00f4nomas Tayna Nery e Julyane Lopes, que atuam no CVT Agroecologia, coordenado pela Profa. Dra. Rosana Cavalcante dos Santos. Os cursos foram realizados em m\u00f3dulos, as sextas, s\u00e1bados e domingos, iniciados no m\u00eas de novembro de 2014 e foram conclu\u00eddos em janeiro de 2015. Participaram, ao todo, 20 produtores rurais, que conclu\u00edram os tr\u00eas cursos.<\/p>\n<p><img decoding=\"async\" src=\"http:\/\/www.ifac.edu.br\/images\/Certifica%C3%A7%C3%A3o_destaque%204.jpg\" alt=\"Certifica\u00e7\u00e3o destaque 4\" \/><\/p>\n<p style=\"color: #000000\">Al\u00e9m da comunidade do Projeto Triunfo, em Pl\u00e1cido de Castro, participaram dos cursos produtores rurais dos munic\u00edpios de Bujari, da Estrada Transacreana e da Comunidade Antonio de Holanda, no munic\u00edpio de Bujari. \u201cCada comunidade recebeu profissionais do CVT Agroecologia que ministraram os m\u00f3dulos para os produtores rurais. Todos receberam orienta\u00e7\u00f5es dos procedimentos na avicultura e na piscicultura org\u00e2nica\u201d, destacou a engenheira agr\u00f4noma Tayna Nery.<\/p>\n<p style=\"color: #000000\">A reitoria do Instituto Federal do Acre \u2013 IFAC e coordenadora do CVT Agroecologia, profa. Rosana Cavalcante dos Santos destacou que esta \u00e9 mais uma a\u00e7\u00e3o desenvolvida dentro dos projetos que est\u00e3o sendo realizados pelo Centro Vocacional Tecnol\u00f3gico de Refer\u00eancia em Agroecologia e Produ\u00e7\u00e3o Org\u00e2nica do Acre. \u201cEstamos desenvolvendo v\u00e1rios projetos, e estes cursos contribuem para que os produtores rurais possam compreender os benef\u00edcios ambientais, sociais e nutricionais dos alimentos org\u00e2nicos\u201d.<\/p>\n<p style=\"color: #000000\"><strong>Participantes falam dos benef\u00edcios<\/strong>\u00a0\u2013 Os irm\u00e3os Orestes Soares Ribeiro J\u00fanior, 27 anos, e Orilene Lima Ribeiro, 26 anos, participaram dos cursos e destacaram a import\u00e2ncia dos cursos para o dia a dia. Orestes disse que o curso foi \u00f3timo e espera que outros sejam oferecidos. \u201cAchei \u00f3timos os cursos, porque foram realizados nos finais de semana, e fizeram com que conhec\u00eassemos alimentos, doen\u00e7as e documentos para quem atua na avicultura. Por exemplo, n\u00e3o sabia que a folha de bananeira servia de rem\u00e9dio para doen\u00e7as das galinhas\u201d.<\/p>\n<p><img decoding=\"async\" src=\"http:\/\/www.ifac.edu.br\/images\/Certifica%C3%A7%C3%A3o_destaque%203.jpg\" alt=\"Certifica\u00e7\u00e3o destaque 3\" \/><\/p>\n<p>Al\u00e9m das aulas te\u00f3ricas, os participantes, acompanhados pelos professores, desenvolviam o que aprendiam na avicultura e na piscicultura. Orilene destacou que os cursos foram \u201cproveitosos\u201d e que os professores foram excelentes. \u201cEspero que outros cursos sejam oferecidos porque aproveitamos na pr\u00e1tica o que aprendemos em sala de aula\u201d.<\/p>\n<p><img decoding=\"async\" src=\"http:\/\/www.ifac.edu.br\/images\/Certifica%C3%A7%C3%A3o_destaque%202.jpg\" alt=\"Certifica\u00e7\u00e3o destaque 2\" \/><br class=\"Apple-interchange-newline\" \/><br class=\"Apple-interchange-newline\" \/><\/p>\n","protected":false},"excerpt":{"rendered":"<p>Uma cerim\u00f4nia realizada na sede da Associa\u00e7\u00e3o Solidariedade do Projeto Triunfo, localizado no Km 75 da estrada de acesso ao munic\u00edpio de Pl\u00e1cido de Castro, na sexta-feira, 5, marcou a certifica\u00e7\u00e3o dos produtores rurais que participaram dos cursos de Piscicultura<\/p>\n","protected":false},"author":51,"featured_media":1087,"comment_status":"closed","ping_status":"open","sticky":false,"template":"","format":"standard","meta":{"footnotes":""},"categories":[1],"tags":[],"class_list":["post-1085","post","type-post","status-publish","format-standard","has-post-thumbnail","hentry","category-sem-categoria"],"_links":{"self":[{"href":"https:\/\/web.ifac.edu.br\/cvtagroecologia\/wp-json\/wp\/v2\/posts\/1085","targetHints":{"allow":["GET"]}}],"collection":[{"href":"https:\/\/web.ifac.edu.br\/cvtagroecologia\/wp-json\/wp\/v2\/posts"}],"about":[{"href":"https:\/\/web.ifac.edu.br\/cvtagroecologia\/wp-json\/wp\/v2\/types\/post"}],"author":[{"embeddable":true,"href":"https:\/\/web.ifac.edu.br\/cvtagroecologia\/wp-json\/wp\/v2\/users\/51"}],"replies":[{"embeddable":true,"href":"https:\/\/web.ifac.edu.br\/cvtagroecologia\/wp-json\/wp\/v2\/comments?post=1085"}],"version-history":[{"count":0,"href":"https:\/\/web.ifac.edu.br\/cvtagroecologia\/wp-json\/wp\/v2\/posts\/1085\/revisions"}],"wp:featuredmedia":[{"embeddable":true,"href":"https:\/\/web.ifac.edu.br\/cvtagroecologia\/wp-json\/"}],"wp:attachment":[{"href":"https:\/\/web.ifac.edu.br\/cvtagroecologia\/wp-json\/wp\/v2\/media?parent=1085"}],"wp:term":[{"taxonomy":"category","embeddable":true,"href":"https:\/\/web.ifac.edu.br\/cvtagroecologia\/wp-json\/wp\/v2\/categories?post=1085"},{"taxonomy":"post_tag","embeddable":true,"href":"https:\/\/web.ifac.edu.br\/cvtagroecologia\/wp-json\/wp\/v2\/tags?post=1085"}],"curies":[{"name":"wp","href":"https:\/\/api.w.org\/{rel}","templated":true}]}}